{"id":568,"date":"2018-05-01T13:16:36","date_gmt":"2018-05-01T11:16:36","guid":{"rendered":"http:\/\/csynsalamanca.com\/?p=568"},"modified":"2018-05-03T00:41:34","modified_gmt":"2018-05-02T22:41:34","slug":"comunicado-1o-de-mayo-2","status":"publish","type":"post","link":"https:\/\/csynsalamanca.com\/?p=568","title":{"rendered":"Comunicado 1\u00ba de Mayo"},"content":{"rendered":"<div class=\"_5pbx userContent _3576\" data-ft=\"{&quot;tn&quot;:&quot;K&quot;}\">\n<p><a href=\"http:\/\/csynsalamanca.com\/wp-content\/uploads\/2018\/05\/IMG_0684.jpg\"><img loading=\"lazy\" class=\"alignleft wp-image-569\" src=\"http:\/\/csynsalamanca.com\/wp-content\/uploads\/2018\/05\/IMG_0684-1024x683.jpg\" alt=\"\" width=\"374\" height=\"249\" srcset=\"https:\/\/csynsalamanca.com\/wp-content\/uploads\/2018\/05\/IMG_0684-1024x683.jpg 1024w, https:\/\/csynsalamanca.com\/wp-content\/uploads\/2018\/05\/IMG_0684-300x200.jpg 300w, https:\/\/csynsalamanca.com\/wp-content\/uploads\/2018\/05\/IMG_0684-768x512.jpg 768w, https:\/\/csynsalamanca.com\/wp-content\/uploads\/2018\/05\/IMG_0684-225x150.jpg 225w, https:\/\/csynsalamanca.com\/wp-content\/uploads\/2018\/05\/IMG_0684-150x100.jpg 150w\" sizes=\"(max-width: 374px) 100vw, 374px\" \/><\/a>\u00abHace ya 5 a\u00f1os, que nosotros, la asociaci\u00f3n \u201cCentro Social y Nacional Salamanca\u201d, cre\u00edmos que era necesario convocar un 1\u00ba de Mayo alternativo, ajeno a la movilizaci\u00f3n de los sindicatos que no representan a los trabajadores, si no a sus propios intereses que no son otros que ver como incrementar sus subvenciones. Por supuesto, esta concentraci\u00f3n, como as\u00ed es, ser\u00eda una demostraci\u00f3n de que luchar por los derechos de los trabajadores no es enarbolar banderas caducas que a\u00f1oran tiempos pasados y que lejos de unir a los trabajadores espa\u00f1oles buscan crear, como anta\u00f1o, dos Espa\u00f1as enfrentadas.<br \/>\nNuestra bandera es la de Espa\u00f1a, la que representa a todos los espa\u00f1oles, porque defender Espa\u00f1a es sin\u00f3nimo de defender nuestros derechos sociales y laborales cada vez m\u00e1s amenazados.<br \/>\nNuestra convocatoria, como pod\u00e9is comprobar, deja una imagen curiosa. Por un lado, en este lado de la plaza, nos reunimos los que defendemos mejores condiciones laborales, unas pensiones dignas, justicia social, prioridad nacional o una vivienda accesible.<br \/>\nEn el otro lado, enfrente, los que intentan impedir que lancemos nuestros mensajes y que parece ser que se oponen a nuestras reivindicaciones. <!--more--><br \/>\nEsos mismos, que probablemente por verg\u00fcenza hoy se concentran cubri\u00e9ndose el rostro, son los que en otras ocasiones se manifestaban de la mano de los sindicatos que reciben millones de euros para vivir del cuento.<br \/>\nEstos que pretenden boicotear nuestro acto y despojarnos de nuestra libertad de expresi\u00f3n, creen que son los verdaderos defensores de los trabajadores, y dicen luchar contra el sistema.<br \/>\nHoy, llaman a manifestarse por un \u201c1\u00ba de Mayo Obrero y multicultural\u201d.<br \/>\nProbablemente lo hagan con buena intenci\u00f3n, y no sea m\u00e1s que culpa de su propia ignorancia y v\u00edctimas de la propaganda del sistema al que creen combatir.<br \/>\nY digo \u201cCREEN\u201d porque curiosamente defienden los mismos intereses.<br \/>\nAlguien deber\u00eda decirles que la primera propuesta de las patronales europeas cuando comenz\u00f3 la llegada masiva de los supuestos refugiados fue la de eliminar el salario m\u00ednimo para poder poner a trabajar a todos por menos dinero.<br \/>\nSeguramente tampoco nadie les ha dicho que esa inmigraci\u00f3n masiva necesaria para esa sociedad multicultural que tanto a\u00f1oran, es la herramienta perfecta fomentada por los gobiernos europeos para traer mano de obra barata y as\u00ed devaluar los salarios y las condiciones laborales de la poblaci\u00f3n aut\u00f3ctona; proceso que llevamos ya padeciendo desde hace varios a\u00f1os.<br \/>\nEl \u201crefugiados bienvenidos\u201d es una maniobra m\u00e1s del capitalismo global para colarnos millones de inmigrantes econ\u00f3micos rebautizados como refugiados, y no por solidaridad, si no para como ha pasado en Alemania ponerlos a trabajar por 1\u20ac la hora y as\u00ed obligar a la poblaci\u00f3n aut\u00f3ctona a ver rebajadas sus condiciones laborales. Mientras tanto, los que hoy nos acompa\u00f1an, reclaman m\u00e1s \u201crefugiados\u201d ignorando lo que detr\u00e1s se esconde.<br \/>\nTampoco nadie debe haberles comentado que en Espa\u00f1a lo que necesitamos son pol\u00edticas que fomenten y faciliten la natalidad, no fomentar la llegada de millones de inmigrantes que literalmente nos sustituyan y suponga el genocidio de la poblaci\u00f3n espa\u00f1ola.<br \/>\nSu ignorancia, les impide ver que solo hay dos posturas posibles:<br \/>\n-Por un lado los que defendemos que los pueblos puedan mantener su soberan\u00eda sobre su econom\u00eda, su dinero, su legislaci\u00f3n, sus gentes, su identidad nacional,\u2026<br \/>\n-Y por el otro los que prefieren sumarse a los intereses del mundialismo y la globalizaci\u00f3n, que buscan un mundo homog\u00e9neo eliminando todas las fronteras econ\u00f3micas y culturales y que las naciones se plieguen a intereses supranacionales pasando por encima de todos nuestros derechos y destruyendo todas las conquistas sociales logradas a base de lucha por nuestros abuelos.<\/p>\n<p>Afirmaban estos d\u00edas en un comunicado publicado en redes sociales que se oponen al capitalismo y aseguraban que los que aqu\u00ed hoy nos manifestamos somos un brazo m\u00e1s del capitalismo y enemigos de la clase obrera. Por supuesto, entre las m\u00e1ximas preocupaciones de los trabajadores espa\u00f1oles se encuentra debatir sobre la existencia de las ni\u00f1as con pene; los 5 millones de desempleados est\u00e1n deseando que vengan millones de inmigrantes m\u00e1s para que trabajen por menos dinero y las familias que son desahuciadas quieren manifestarse en defensa de las portavozas.<br \/>\nQu\u00e9 casualidad que tanto el capitalismo como el autodenominado antifascismo defienda el mismo modelo de sociedad.<\/p>\n<p>Hoy, 1\u00ba de Mayo, d\u00eda del Trabajador, nos concentramos de nuevo junto a la estatua levantada en homenaje a los trabajadores.<br \/>\nEl lema de la convocatoria, y que puede leerse en la pancarta: \u201cObreros y estudiantes, \u00a1por Espa\u00f1a adelante!\u201d, pretende hacer un llamamiento a todos esos trabajadores asalariados, peque\u00f1os y medianos empresarios o aut\u00f3nomos que ven cada d\u00eda m\u00e1s recortados sus derechos y que se encuentran con dificultades y trabas para sacar sus negocios adelante.<br \/>\nSon todos estos trabajadores los que con su esfuerzo y constancia mantienen esta naci\u00f3n sin recibir el respaldo de nuestros gobernantes, que en \u00e9poca de crisis, lejos de poner facilidades lo que hace es aumentar la carga de impuestos.<br \/>\nLlamamos tambi\u00e9n a los estudiantes, v\u00edctimas tambi\u00e9n de la crisis, que tras finalizar sus estudios se ven obligados a abandonar Espa\u00f1a, pues aqu\u00ed no se les ofrece una salida digna para su preparaci\u00f3n.<br \/>\nPor eso hoy gritamos \u201cObreros y estudiantes, \u00a1por Espa\u00f1a adelante!\u201d.<\/p>\n<p>ADELANTE, porque nuestros mayores se merecen unas pensiones que les permitan vivir con dignidad y no ser insultados con una subida rid\u00edcula que no permite ni siquiera afrontar el aumento del coste de la vida, mientras los pol\u00edticos no tienen reparo en subirse los sueldos o mantener pensiones vitalicias escandalosas.<br \/>\nADELANTE, frente a las pol\u00edticas neoliberales que pretenden recortar todos nuestros derechos sociales y laborales, aumentando la edad de jubilaci\u00f3n o abaratando y facilitando los despidos.<br \/>\nCabe destacar que en Espa\u00f1a el coste de mano de obra es un 30% m\u00e1s barata que en el resto de la zona euro.<br \/>\nADELANTE, en defensa de la prioridad nacional, porque creemos que ante un puesto de trabajo o en el acceso a las ayudas sociales los espa\u00f1oles debemos ser los primeros. Somos nosotros, los que mediante el esfuerzo y trabajo de anteriores generaciones hemos contribuido al sostenimiento de este pa\u00eds, y mientras miles de familias espa\u00f1olas se encuentran en situaci\u00f3n de desempleo y en muchos casos sin percibir ning\u00fan tipo de ingreso, vemos como los extranjeros son los principales receptores de las ayudas sociales destinadas a paliar estas situaciones.<\/p>\n<p>ADELANTE, en defensa de nuestra soberan\u00eda nacional. Frente al mundialismo que pretende homogeneizar personas y pa\u00edses destruyendo todas las identidades nacionales, con el \u00fanico fin de crear un gran mercado mundial donde los occidentales tengamos que competir laboralmente con los millones de habitantes del tercer mundo. Nuestra oposici\u00f3n a las entidades supranacionales que pretenden cargar todo el peso de la crisis en las espaldas de los trabajadores mediante recortes y subidas de impuestos.<br \/>\nCreemos necesaria una Uni\u00f3n Europea, pero que proteja la soberan\u00eda de las naciones europeas y que anteponga el bienestar de los ciudadanos al de los mercados. No creemos en una Europa que incluso se plantea integrar a Turqu\u00eda con todos los riesgos que ello conlleva, dejando claro que \u00fanicamente buscan crear una uni\u00f3n econ\u00f3mica olvidando las ra\u00edces comunes.<br \/>\nADELANTE, por la reindustrializaci\u00f3n. Porque ha quedado claro que 45 millones de espa\u00f1oles no pueden vivir s\u00f3lo del turismo. Tambi\u00e9n exigimos medidas para hacer frente a la deslocalizaci\u00f3n de esas empresas que trasladan la producci\u00f3n a pa\u00edses donde puedan fabricar con mano de obra semiesclava los productos que luego quieren vender aqu\u00ed.<br \/>\nADELANTE, en defensa del peque\u00f1o y mediano comercio frente a la cada vez mayor presi\u00f3n fiscal y la liberalizaci\u00f3n de horarios de apertura, que hace imposible que compitan frente a las grandes cadenas. Esto tambi\u00e9n est\u00e1 permitiendo que en determinados sectores, y especialmente los comercios orientales, est\u00e9n importando su cultura de trabajo y acorralando una vez m\u00e1s al comercio tradicional.<\/p>\n<p>ADELANTE, frente a la inmigraci\u00f3n masiva fomentada y permitida desde el Gobierno. La inmigraci\u00f3n se ha convertido en el arma del capitalismo para rebajarnos los sueldos y devaluar la mano de obra. Es evidente que si hay m\u00e1s trabajadores y los puestos de trabajo son los mismos, los salarios se rebajan.<br \/>\nNuestra oposici\u00f3n tambi\u00e9n al uso de la inmigraci\u00f3n como forma de sustituci\u00f3n de la poblaci\u00f3n frente a la baja natalidad.<br \/>\nPor supuesto hemos de dejar claro que somos contrarios a la inmigraci\u00f3n como proceso, entendiendo que tanto el inmigrante como los pa\u00edses emisores son tambi\u00e9n v\u00edctimas de este proceso, los primeros por ser tra\u00eddos para emplearlos como mano de obra barata y los segundos por la perdida en masa de trabajadores j\u00f3venes.<\/p>\n<p>ADELANTE, en defensa de la unidad de Espa\u00f1a, porque una naci\u00f3n fuerte y cohesionada es sin\u00f3nimo de una naci\u00f3n que puede garantizar una vida digna a sus ciudadanos.<br \/>\nADELANTE, para reivindicar medidas y pol\u00edticas que fomenten la natalidad y as\u00ed revertir el problema de la p\u00e9rdida contin\u00faa de poblaci\u00f3n y el envejecimiento de la misma. El Estado debe facilitar que las familias puedan tener hijos y que las madres puedan compatibilizar el cuidado de los mismos con el trabajo.<br \/>\nADELANTE, para que los espa\u00f1oles puedan acceder a una vivienda digna sin hipotecarse de por vida. Tener una casa no debe ser un privilegio. El Estado debe intervenir para que la vivienda deje de ser un negocio m\u00e1s de especuladores y que las hipotecas no sean el negocio de la banca para desangrar a los espa\u00f1oles.<\/p>\n<p>ADELANTE, por los j\u00f3venes que no encuentran salidas laborales dignas en Espa\u00f1a y que tras acabar sus estudios se ven obligados a abandonar Espa\u00f1a. Traen inmigrantes, y echan a los estudiantes.<br \/>\nADELANTE, en defensa de la sanidad y educaci\u00f3n p\u00fablicas, v\u00edctimas de la crisis y gesti\u00f3n nefasta de los que nos gobiernan, que pretenden conducirlas hacia la privatizaci\u00f3n.<\/p>\n<p>ADELANTE POR ESPA\u00d1A Y ADELANTE POR SUS GENTES.<\/p>\n<p>Muchas gracias.\u00bb<\/p>\n<\/div>\n<p>&nbsp;<\/p>\n","protected":false},"excerpt":{"rendered":"<p>\u00abHace ya 5 a\u00f1os, que nosotros, la asociaci\u00f3n \u201cCentro Social y Nacional Salamanca\u201d, cre\u00edmos que era necesario convocar un 1\u00ba de Mayo alternativo, ajeno a la movilizaci\u00f3n de los sindicatos que no representan a los trabajadores, si no a sus propios intereses que no son otros que ver como incrementar \u2026 <a class=\"continue-reading-link\" href=\"https:\/\/csynsalamanca.com\/?p=568\">Contin\u00faa leyendo <span class=\"meta-nav\">&rarr; <\/span><\/a><\/p>\n","protected":false},"author":1,"featured_media":0,"comment_status":"open","ping_status":"open","sticky":false,"template":"","format":"standard","meta":[],"categories":[2,3,14],"tags":[],"_links":{"self":[{"href":"https:\/\/csynsalamanca.com\/index.php?rest_route=\/wp\/v2\/posts\/568"}],"collection":[{"href":"https:\/\/csynsalamanca.com\/index.php?rest_route=\/wp\/v2\/posts"}],"about":[{"href":"https:\/\/csynsalamanca.com\/index.php?rest_route=\/wp\/v2\/types\/post"}],"author":[{"embeddable":true,"href":"https:\/\/csynsalamanca.com\/index.php?rest_route=\/wp\/v2\/users\/1"}],"replies":[{"embeddable":true,"href":"https:\/\/csynsalamanca.com\/index.php?rest_route=%2Fwp%2Fv2%2Fcomments&post=568"}],"version-history":[{"count":1,"href":"https:\/\/csynsalamanca.com\/index.php?rest_route=\/wp\/v2\/posts\/568\/revisions"}],"predecessor-version":[{"id":570,"href":"https:\/\/csynsalamanca.com\/index.php?rest_route=\/wp\/v2\/posts\/568\/revisions\/570"}],"wp:attachment":[{"href":"https:\/\/csynsalamanca.com\/index.php?rest_route=%2Fwp%2Fv2%2Fmedia&parent=568"}],"wp:term":[{"taxonomy":"category","embeddable":true,"href":"https:\/\/csynsalamanca.com\/index.php?rest_route=%2Fwp%2Fv2%2Fcategories&post=568"},{"taxonomy":"post_tag","embeddable":true,"href":"https:\/\/csynsalamanca.com\/index.php?rest_route=%2Fwp%2Fv2%2Ftags&post=568"}],"curies":[{"name":"wp","href":"https:\/\/api.w.org\/{rel}","templated":true}]}}