{"id":452,"date":"2016-10-29T01:03:44","date_gmt":"2016-10-28T23:03:44","guid":{"rendered":"http:\/\/csynsalamanca.com\/?p=452"},"modified":"2016-10-29T01:06:04","modified_gmt":"2016-10-28T23:06:04","slug":"452","status":"publish","type":"post","link":"https:\/\/csynsalamanca.com\/?p=452","title":{"rendered":"\u00bfDe qu\u00e9 sirve ser espa\u00f1ol?"},"content":{"rendered":"<p><img loading=\"lazy\" class=\"aligncenter\" src=\"http:\/\/i64.tinypic.com\/dea0z4.png\" alt=\"\" width=\"521\" height=\"381\" \/>El pasado mes de Septiembre, se public\u00f3 el listado de beneficiarios de la \u00abAyuda al alquiler de vivienda\u00bb de la Junta de Castilla y Le\u00f3n.<br \/>\nComo una imagen vale m\u00e1s que mil palabras, adjuntamos una captura de la primera hoja de los receptores de la subvenci\u00f3n en Salamanca.<!--more--><br \/>\nSi alguien esperaba, que por ser espa\u00f1ol(en Espa\u00f1a), iba a tener prioridad a la hora de recibir este tipo de ayuda, estaba totalmente equivocado, puesto que sucede todo lo contrario.<br \/>\nRevisando el listado de b<span class=\"text_exposed_show\">eneficiarios, hemos podido comprobar que m\u00e1s del 30% de las personas a las que se ha asignado la subvenci\u00f3n son extranjeros, por lo que teniendo en cuenta que la poblaci\u00f3n inmigrante en la provincia de Salamanca supone un 4%, queda claro que nuestras reivindicaciones cobran sentido d\u00eda tras d\u00eda.<br \/>\nSer espa\u00f1ol tiene que valer para algo. En Espa\u00f1a, los espa\u00f1oles primero.<\/span><\/p>\n","protected":false},"excerpt":{"rendered":"<p>El pasado mes de Septiembre, se public\u00f3 el listado de beneficiarios de la \u00abAyuda al alquiler de vivienda\u00bb de la Junta de Castilla y Le\u00f3n. Como una imagen vale m\u00e1s que mil palabras, adjuntamos una captura de la primera hoja de los receptores de la subvenci\u00f3n en Salamanca.<\/p>\n","protected":false},"author":1,"featured_media":0,"comment_status":"open","ping_status":"open","sticky":false,"template":"","format":"standard","meta":[],"categories":[11],"tags":[],"_links":{"self":[{"href":"https:\/\/csynsalamanca.com\/index.php?rest_route=\/wp\/v2\/posts\/452"}],"collection":[{"href":"https:\/\/csynsalamanca.com\/index.php?rest_route=\/wp\/v2\/posts"}],"about":[{"href":"https:\/\/csynsalamanca.com\/index.php?rest_route=\/wp\/v2\/types\/post"}],"author":[{"embeddable":true,"href":"https:\/\/csynsalamanca.com\/index.php?rest_route=\/wp\/v2\/users\/1"}],"replies":[{"embeddable":true,"href":"https:\/\/csynsalamanca.com\/index.php?rest_route=%2Fwp%2Fv2%2Fcomments&post=452"}],"version-history":[{"count":2,"href":"https:\/\/csynsalamanca.com\/index.php?rest_route=\/wp\/v2\/posts\/452\/revisions"}],"predecessor-version":[{"id":454,"href":"https:\/\/csynsalamanca.com\/index.php?rest_route=\/wp\/v2\/posts\/452\/revisions\/454"}],"wp:attachment":[{"href":"https:\/\/csynsalamanca.com\/index.php?rest_route=%2Fwp%2Fv2%2Fmedia&parent=452"}],"wp:term":[{"taxonomy":"category","embeddable":true,"href":"https:\/\/csynsalamanca.com\/index.php?rest_route=%2Fwp%2Fv2%2Fcategories&post=452"},{"taxonomy":"post_tag","embeddable":true,"href":"https:\/\/csynsalamanca.com\/index.php?rest_route=%2Fwp%2Fv2%2Ftags&post=452"}],"curies":[{"name":"wp","href":"https:\/\/api.w.org\/{rel}","templated":true}]}}