{"id":372,"date":"2015-12-09T23:04:23","date_gmt":"2015-12-09T22:04:23","guid":{"rendered":"http:\/\/csynsalamanca.com\/?p=372"},"modified":"2015-12-09T23:05:41","modified_gmt":"2015-12-09T22:05:41","slug":"ramoncin-no-bienvenido","status":"publish","type":"post","link":"https:\/\/csynsalamanca.com\/?p=372","title":{"rendered":"Ramonc\u00edn: No bienvenido."},"content":{"rendered":"<p><img loading=\"lazy\" class=\"alignleft\" src=\"https:\/\/scontent-mad1-1.xx.fbcdn.net\/hphotos-xap1\/t31.0-8\/s960x960\/12309641_515642011931353_6124046120192832042_o.jpg\" alt=\"\" width=\"294\" height=\"416\" \/>El pr\u00f3ximo S\u00e1bado 19 de Diciembre hay planificado un concierto en el que tiene previsto actuar Ramonc\u00edn, y se celebrar\u00e1 en el Multiusos \u00abS\u00e1nchez Para\u00edso\u00bb, organizado por <a class=\"profileLink\" href=\"https:\/\/www.facebook.com\/PromoDiemSalamanca\/\" data-hovercard=\"\/ajax\/hovercard\/page.php?id=611141498907504\">Promo Diem Salamanca, S.L.<br \/>\n<\/a>Este personaje, en la actualidad est\u00e1 siendo juzgado por presuntamente emitir facturas falsas por importe de 57.000\u20ac y se enfrenta a m\u00e1s de 4 a\u00f1os de c\u00e1rcel.<br \/>\nAdem\u00e1s de esto, en 2013 apoy\u00f3 y actu\u00f3 en el concierto separatista que tuvo lugar en el Camp Nou, organizado por la Asamblea <span class=\"text_exposed_show\">Nacional Catalana(ANC).<br \/>\nLa estupidez de este \u00abse\u00f1or\u00bb le llev\u00f3 a hacer unas declaraciones en las que asegur\u00f3 que a pesar de ser madrile\u00f1o se sent\u00eda catal\u00e1n.<br \/>\nTambi\u00e9n parece ser que goza de mala memoria, puesto que hace apenas medio a\u00f1o asegur\u00f3 que no actuar\u00e1 en Espa\u00f1a hasta que \u00abno pueda colgarse un cartel a la espalda en el que se lea: inocente\u00bb.<br \/>\n<\/span>Desde el Csyn Salamanca llamamos a no acudir a este concierto hasta que no cancelen la actuaci\u00f3n de este separatista y adem\u00e1s delincuente.<br \/>\nNo des dinero a quien apoya a los que quieren dividir Espa\u00f1a y enfrentar a los espa\u00f1oles.<\/p>\n","protected":false},"excerpt":{"rendered":"<p>El pr\u00f3ximo S\u00e1bado 19 de Diciembre hay planificado un concierto en el que tiene previsto actuar Ramonc\u00edn, y se celebrar\u00e1 en el Multiusos \u00abS\u00e1nchez Para\u00edso\u00bb, organizado por Promo Diem Salamanca, S.L. Este personaje, en la actualidad est\u00e1 siendo juzgado por presuntamente emitir facturas falsas por importe de 57.000\u20ac y se \u2026 <a class=\"continue-reading-link\" href=\"https:\/\/csynsalamanca.com\/?p=372\">Contin\u00faa leyendo <span class=\"meta-nav\">&rarr; <\/span><\/a><\/p>\n","protected":false},"author":1,"featured_media":0,"comment_status":"open","ping_status":"open","sticky":false,"template":"","format":"standard","meta":[],"categories":[5,3],"tags":[],"_links":{"self":[{"href":"https:\/\/csynsalamanca.com\/index.php?rest_route=\/wp\/v2\/posts\/372"}],"collection":[{"href":"https:\/\/csynsalamanca.com\/index.php?rest_route=\/wp\/v2\/posts"}],"about":[{"href":"https:\/\/csynsalamanca.com\/index.php?rest_route=\/wp\/v2\/types\/post"}],"author":[{"embeddable":true,"href":"https:\/\/csynsalamanca.com\/index.php?rest_route=\/wp\/v2\/users\/1"}],"replies":[{"embeddable":true,"href":"https:\/\/csynsalamanca.com\/index.php?rest_route=%2Fwp%2Fv2%2Fcomments&post=372"}],"version-history":[{"count":2,"href":"https:\/\/csynsalamanca.com\/index.php?rest_route=\/wp\/v2\/posts\/372\/revisions"}],"predecessor-version":[{"id":374,"href":"https:\/\/csynsalamanca.com\/index.php?rest_route=\/wp\/v2\/posts\/372\/revisions\/374"}],"wp:attachment":[{"href":"https:\/\/csynsalamanca.com\/index.php?rest_route=%2Fwp%2Fv2%2Fmedia&parent=372"}],"wp:term":[{"taxonomy":"category","embeddable":true,"href":"https:\/\/csynsalamanca.com\/index.php?rest_route=%2Fwp%2Fv2%2Fcategories&post=372"},{"taxonomy":"post_tag","embeddable":true,"href":"https:\/\/csynsalamanca.com\/index.php?rest_route=%2Fwp%2Fv2%2Ftags&post=372"}],"curies":[{"name":"wp","href":"https:\/\/api.w.org\/{rel}","templated":true}]}}