{"id":347,"date":"2015-09-18T15:25:08","date_gmt":"2015-09-18T13:25:08","guid":{"rendered":"http:\/\/csynsalamanca.com\/?p=347"},"modified":"2015-09-25T15:25:23","modified_gmt":"2015-09-25T13:25:23","slug":"refugiados-si-espanoles-no","status":"publish","type":"post","link":"https:\/\/csynsalamanca.com\/?p=347","title":{"rendered":"Refugiados si. Espa\u00f1oles no."},"content":{"rendered":"<p><img loading=\"lazy\" class=\"alignleft\" src=\"https:\/\/scontent-mad1-1.xx.fbcdn.net\/hphotos-xtf1\/v\/t1.0-9\/12003272_492164510945770_4432033492808433372_n.jpg?oh=544f10742228dddd2b10bbef6b0f23bd&amp;oe=56A3F4B0\" alt=\"\" width=\"385\" height=\"322\" \/>Est\u00e1s desde hace varios a\u00f1os en el paro, tanto t\u00fa como el resto de tu familia. Buscas trabajo y no lo encuentras; ya es la en\u00e9sima vez que entregas tu curr\u00edculum en los mismos sitios.<br \/>\nTienes hijos a los que alimentar, cientos de euros que gastar en material escolar, una hipoteca que pagar. Se te ha acabado la prestaci\u00f3n por desempleo y los ahorros empiezan a agotarse. Pero&#8230; \u00bf\u00bfEres espa\u00f1ol?? Entonces, no importas.<br \/>\nCientos de miles de personas est\u00e1n antes que t\u00fa en la cola, <span class=\"text_exposed_show\">aunque ni siquiera est\u00e9n a\u00fan en Espa\u00f1a.<br \/>\nPodr\u00eda parecer absurdo y una historia inventada, pero es la triste y cruda realidad.<br \/>\nLa crisis de los \u00abrefugiados\u00bb, nos deja un en\u00e9simo caso m\u00e1s de racismo antiespa\u00f1ol.<\/span><br \/>\n<!--more--><span class=\"text_exposed_show\"> El \u00abrefugiado\u00bb zancadilleado (del cual han aparecido fotos con banderas islamistas) ya tiene trabajo, ya tiene casa, sus hijos ya tienen plaza en el colegio. Y todo esto sin saber hablar espa\u00f1ol, sin haberle hecho una entrevista previa de trabajo para comprobar su val\u00eda, y sin ni siquiera haber pisado suelo espa\u00f1ol.<br \/>\nNo importa. No es espa\u00f1ol, y eso es lo principal.<\/span><\/p>\n<p><img loading=\"lazy\" class=\"aligncenter\" src=\"https:\/\/scontent-mad1-1.xx.fbcdn.net\/hphotos-xpt1\/v\/t1.0-9\/12027704_492164474279107_6717056383264702037_n.jpg?oh=baeb1f804c8dabfcfb8333bd2c53ea20&amp;oe=5662C471\" alt=\"\" width=\"541\" height=\"452\" \/><\/p>\n<p>http:\/\/www.gaceta.es\/noticias\/osama-abdul-moshen-refugiado-sirio-presunto-terrorista-nusra-22092015-1214<\/p>\n","protected":false},"excerpt":{"rendered":"<p>Est\u00e1s desde hace varios a\u00f1os en el paro, tanto t\u00fa como el resto de tu familia. Buscas trabajo y no lo encuentras; ya es la en\u00e9sima vez que entregas tu curr\u00edculum en los mismos sitios. Tienes hijos a los que alimentar, cientos de euros que gastar en material escolar, una \u2026 <a class=\"continue-reading-link\" href=\"https:\/\/csynsalamanca.com\/?p=347\">Contin\u00faa leyendo <span class=\"meta-nav\">&rarr; <\/span><\/a><\/p>\n","protected":false},"author":1,"featured_media":0,"comment_status":"open","ping_status":"open","sticky":false,"template":"","format":"standard","meta":[],"categories":[3,6],"tags":[],"_links":{"self":[{"href":"https:\/\/csynsalamanca.com\/index.php?rest_route=\/wp\/v2\/posts\/347"}],"collection":[{"href":"https:\/\/csynsalamanca.com\/index.php?rest_route=\/wp\/v2\/posts"}],"about":[{"href":"https:\/\/csynsalamanca.com\/index.php?rest_route=\/wp\/v2\/types\/post"}],"author":[{"embeddable":true,"href":"https:\/\/csynsalamanca.com\/index.php?rest_route=\/wp\/v2\/users\/1"}],"replies":[{"embeddable":true,"href":"https:\/\/csynsalamanca.com\/index.php?rest_route=%2Fwp%2Fv2%2Fcomments&post=347"}],"version-history":[{"count":1,"href":"https:\/\/csynsalamanca.com\/index.php?rest_route=\/wp\/v2\/posts\/347\/revisions"}],"predecessor-version":[{"id":348,"href":"https:\/\/csynsalamanca.com\/index.php?rest_route=\/wp\/v2\/posts\/347\/revisions\/348"}],"wp:attachment":[{"href":"https:\/\/csynsalamanca.com\/index.php?rest_route=%2Fwp%2Fv2%2Fmedia&parent=347"}],"wp:term":[{"taxonomy":"category","embeddable":true,"href":"https:\/\/csynsalamanca.com\/index.php?rest_route=%2Fwp%2Fv2%2Fcategories&post=347"},{"taxonomy":"post_tag","embeddable":true,"href":"https:\/\/csynsalamanca.com\/index.php?rest_route=%2Fwp%2Fv2%2Ftags&post=347"}],"curies":[{"name":"wp","href":"https:\/\/api.w.org\/{rel}","templated":true}]}}