{"id":342,"date":"2015-08-26T00:06:45","date_gmt":"2015-08-25T22:06:45","guid":{"rendered":"http:\/\/csynsalamanca.com\/?p=342"},"modified":"2015-08-26T00:12:29","modified_gmt":"2015-08-25T22:12:29","slug":"visita-a-medina-del-campo","status":"publish","type":"post","link":"https:\/\/csynsalamanca.com\/?p=342","title":{"rendered":"Visita a Medina del Campo"},"content":{"rendered":"<p><img loading=\"lazy\" class=\"alignleft\" src=\"https:\/\/scontent-mad1-1.xx.fbcdn.net\/hphotos-xfp1\/t31.0-8\/11938674_484019045093650_3768351155768542241_o.jpg\" alt=\"\" width=\"385\" height=\"250\" \/>El Domingo varios miembros del <a class=\"profileLink\" href=\"https:\/\/www.facebook.com\/csyn.salamanca\" data-hovercard=\"\/ajax\/hovercard\/page.php?id=315145945314295\">Csyn Salamanca<\/a> nos desplazamos a Medina del Campo, con la intenci\u00f3n de pasar una jornada cultural visitando esa bonita ciudad.<br \/>\nComenzamos visitando el Castillo de la Mota, que casualmente se encotraba engalanado con diferentes banderas hist\u00f3ricas, relacionadas con el Imperio Espa\u00f1ol, como la Cruz de Borgo\u00f1a o el estandarte Imperial de Carlos V, al celebrarse la \u00abSemana Renacentista\u00bb.<!--more-->La impresionante fortaleza, que a\u00fan conserva en sus muros los <span class=\"text_exposed_show\">impactos de proyectiles y de catapultas, fue construida en el siglo XV, y poco a poco fue sufriendo mejoras, como la Torre del Homenaje, la cual visitamos, y que durante una \u00e9poca fue utilizada como prisi\u00f3n para personajes ilustres.<\/span><\/p>\n<p><span class=\"text_exposed_show\"><img loading=\"lazy\" class=\"alignleft\" src=\"https:\/\/scontent-mad1-1.xx.fbcdn.net\/hphotos-xpl1\/v\/t1.0-9\/11953066_484019001760321_2292749009788538179_n.jpg?oh=75c1586db121b088ca8c82411cd196ef&amp;oe=563A5CE6\" alt=\"\" width=\"196\" height=\"261\" \/>Tras visitar el Castillo, incluyendo las galer\u00edas subterr\u00e1neas desde donde los artilleros defend\u00edan la plaza, visitamos el Palacio Testamentario de Isabel la Cat\u00f3lica, situado en la Plaza Mayor de la villa de Medina del Campo.<br \/>\nEn el Palacio, donde la Reina Isabel test\u00f3, y pas\u00f3 sus \u00faltimos d\u00edas se encuentra adem\u00e1s de una reconstrucci\u00f3n de la habitaci\u00f3n donde realiz\u00f3 el testamento la Reina(a imagen y semejanza de la pintura de Eduardo Rosales), varios fragmentos del Testamento y del Codicilio, en el que por ejemplo prohib\u00eda la esclavitud y el mal trato a los Indios de los nuevos territorios descubiertos(para desgracia de los que nos martirizan con la Leyenda Negra sobre Espa\u00f1a).<\/span><\/p>\n<p><span class=\"text_exposed_show\">Para finalizar el d\u00eda, y ya por la tarde, visitamos una exposici\u00f3n titulada \u00abSoldados del Imperio\u00bb, en el que podimos disfrutar de aproximadamente una veintena de impresionantes pinturas que llevaban principalmente a los Tercios Espa\u00f1oles como tem\u00e1tica.<img loading=\"lazy\" class=\"alignright\" src=\"https:\/\/scontent-mad1-1.xx.fbcdn.net\/hphotos-xfp1\/v\/t1.0-9\/11887989_484019015093653_8446665515894077545_n.jpg?oh=72fc59a276a382e0239999797564bf0f&amp;oe=563940DA\" alt=\"\" width=\"320\" height=\"240\" \/><\/span><\/p>\n<p><span class=\"text_exposed_show\"><br \/>\nTambi\u00e9n, hab\u00eda varias esculturas y varios cientos de miniaturas siguiendo la misma tem\u00e1tica.<\/span><\/p>\n<div class=\"text_exposed_show\">\n<p>En res\u00famen, una agradable jornada para seguir conociendo m\u00e1s rincones de Espa\u00f1a.<\/p>\n<\/div>\n<p>&nbsp;<\/p>\n<p>&nbsp;<\/p>\n<p><img loading=\"lazy\" class=\"aligncenter\" src=\"https:\/\/scontent-mad1-1.xx.fbcdn.net\/hphotos-xpf1\/v\/t1.0-9\/11899833_484019081760313_5518351523200825030_n.jpg?oh=333eea05dfd8aa1c8f57d50c0c0fd32f&amp;oe=563B1B1F\" alt=\"\" width=\"479\" height=\"359\" \/><\/p>\n<p><img loading=\"lazy\" class=\"aligncenter\" src=\"https:\/\/scontent-mad1-1.xx.fbcdn.net\/hphotos-xpf1\/t31.0-8\/11936509_484019038426984_137579379917589579_o.jpg\" alt=\"\" width=\"484\" height=\"272\" \/><\/p>\n","protected":false},"excerpt":{"rendered":"<p>El Domingo varios miembros del Csyn Salamanca nos desplazamos a Medina del Campo, con la intenci\u00f3n de pasar una jornada cultural visitando esa bonita ciudad. Comenzamos visitando el Castillo de la Mota, que casualmente se encotraba engalanado con diferentes banderas hist\u00f3ricas, relacionadas con el Imperio Espa\u00f1ol, como la Cruz de \u2026 <a class=\"continue-reading-link\" href=\"https:\/\/csynsalamanca.com\/?p=342\">Contin\u00faa leyendo <span class=\"meta-nav\">&rarr; <\/span><\/a><\/p>\n","protected":false},"author":1,"featured_media":0,"comment_status":"open","ping_status":"open","sticky":false,"template":"","format":"standard","meta":[],"categories":[2,8],"tags":[],"_links":{"self":[{"href":"https:\/\/csynsalamanca.com\/index.php?rest_route=\/wp\/v2\/posts\/342"}],"collection":[{"href":"https:\/\/csynsalamanca.com\/index.php?rest_route=\/wp\/v2\/posts"}],"about":[{"href":"https:\/\/csynsalamanca.com\/index.php?rest_route=\/wp\/v2\/types\/post"}],"author":[{"embeddable":true,"href":"https:\/\/csynsalamanca.com\/index.php?rest_route=\/wp\/v2\/users\/1"}],"replies":[{"embeddable":true,"href":"https:\/\/csynsalamanca.com\/index.php?rest_route=%2Fwp%2Fv2%2Fcomments&post=342"}],"version-history":[{"count":3,"href":"https:\/\/csynsalamanca.com\/index.php?rest_route=\/wp\/v2\/posts\/342\/revisions"}],"predecessor-version":[{"id":345,"href":"https:\/\/csynsalamanca.com\/index.php?rest_route=\/wp\/v2\/posts\/342\/revisions\/345"}],"wp:attachment":[{"href":"https:\/\/csynsalamanca.com\/index.php?rest_route=%2Fwp%2Fv2%2Fmedia&parent=342"}],"wp:term":[{"taxonomy":"category","embeddable":true,"href":"https:\/\/csynsalamanca.com\/index.php?rest_route=%2Fwp%2Fv2%2Fcategories&post=342"},{"taxonomy":"post_tag","embeddable":true,"href":"https:\/\/csynsalamanca.com\/index.php?rest_route=%2Fwp%2Fv2%2Ftags&post=342"}],"curies":[{"name":"wp","href":"https:\/\/api.w.org\/{rel}","templated":true}]}}