{"id":319,"date":"2015-05-07T16:17:21","date_gmt":"2015-05-07T14:17:21","guid":{"rendered":"http:\/\/csynsalamanca.com\/?p=319"},"modified":"2015-05-07T16:23:44","modified_gmt":"2015-05-07T14:23:44","slug":"cronica-concentracion-1o-de-mayo","status":"publish","type":"post","link":"https:\/\/csynsalamanca.com\/?p=319","title":{"rendered":"Cr\u00f3nica concentraci\u00f3n 1\u00ba de Mayo."},"content":{"rendered":"<p><img loading=\"lazy\" class=\"alignleft\" src=\"http:\/\/oi60.tinypic.com\/mh845u.jpg\" alt=\"\" width=\"332\" height=\"249\" \/><\/p>\n<p style=\"text-align: justify;\">El pasado 1 de Mayo, y por segundo a\u00f1o consecutivo, realizamos una concentraci\u00f3n con motivo del D\u00eda del Trabajador.<br \/>\nDesde nuestra sede, que sirvi\u00f3 de punto de encuentro, partimos hacia el lugar de la concentraci\u00f3n a las 12.00h. Decidimos repetir sitio, haci\u00e9ndola de nuevo en el Barrio de Pizarrales, junto a la estatua al obrero.<br \/>\nEn los alrededores de la concentraci\u00f3n, y con anterioridad a la misma, \u201clos de siempre\u201d repartieron unos panfletos, suplantando a nuestra asociaci\u00f3n y con un mensaje y convocatoria para la concentraci\u00f3n que no se correspond\u00eda con el fin de la misma, y utilizando para un fin tan triste como intentar ensuciar nuestro acto y calentar el ambiente, un tema que est\u00e1 destruyendo, como ya sucedi\u00f3 en \u00e9pocas pasadas, el Barrio de Pizarrales: el tr\u00e1fico de drogas.<!--more--><br \/>\nAprovechamos para denunciar el tr\u00e1fico de drogas e inseguridad que esto genera en la zona, provocado por clanes familiares.<br \/>\n<a href=\"http:\/\/www.salamanca24horas.com\/sucesos\/16-04-2015-desarticulado-un-importante-punto-de-venta-de-droga-en-el-barrio-pizarrales\" target=\"_blank\">http:\/\/www.salamanca24horas.com\/sucesos\/16-04-2015-desarticulado-un-importante-punto-de-venta-de-droga-en-el-barrio-pizarrales<\/a><br \/>\n<a href=\"http:\/\/www.lagacetadesalamanca.es\/sucesos\/2013\/06\/22\/cinco-detenidos-redada-pizarrales-buenos-aires\/96623.html\" target=\"_blank\">http:\/\/www.lagacetadesalamanca.es\/sucesos\/2013\/06\/22\/cinco-detenidos-redada-pizarrales-buenos-aires\/96623.html<\/a><br \/>\n<a href=\"http:\/\/www.noticiascastillayleon.com\/noticia\/Desarticulado-un-punto-negro-de-venta-de-drogas-al-menudeo-en-Pizarrales\/71914\/10\/SA\/\" target=\"_blank\">http:\/\/www.noticiascastillayleon.com\/noticia\/Desarticulado-un-punto-negro-de-venta-de-drogas-al-menudeo-en-Pizarrales\/71914\/10\/SA\/<\/a><\/p>\n<p style=\"text-align: justify;\"><img loading=\"lazy\" class=\"alignright\" src=\"https:\/\/scontent-mad.xx.fbcdn.net\/hphotos-xap1\/t31.0-8\/11206709_442294799266075_4556167833963363209_o.jpg\" alt=\"\" width=\"346\" height=\"226\" \/><\/p>\n<p style=\"text-align: justify;\">Una vez all\u00ed, se procedi\u00f3 a la lectura del comunicado, tras haber explicado las artima\u00f1as de la extrema-izquierda, en el que se hizo una peque\u00f1a presentaci\u00f3n sobre qu\u00e9 es el Centro Social y Nacional Salamanca y las actividades que se llevan a cabo.<br \/>\nCon el comunicado, que escucharon atentamente los vecinos de la zona, se denunci\u00f3 los recortes en todos los \u00e1mbitos que los espa\u00f1oles estamos sufriendo.<br \/>\nSe explic\u00f3, que la rid\u00edcula mejora de los datos del paro, no es otra cosa que resultado de la precampa\u00f1a electoral: partidas de dinero p\u00fablico destinadas a emplear a gente durante unos meses para realizar peque\u00f1as \u201cchapuzas\u201d como rebajar bordillos o arreglar rotondas.<br \/>\nReclamamos la prioridad nacional, tanto a la hora de acceder a un trabajo como para recibir ayudas sociales.<br \/>\nTambi\u00e9n se reparti\u00f3 un panfleto con el comunicado que se ley\u00f3.<img loading=\"lazy\" class=\"alignleft\" src=\"https:\/\/scontent-mad.xx.fbcdn.net\/hphotos-xaf1\/t31.0-8\/11103174_440594082769480_7432250092993243786_o.jpg\" alt=\"\" width=\"338\" height=\"229\" \/><\/p>\n<p style=\"text-align: justify;\">Tras la lectura del comunicado, se procedi\u00f3 a colocar un ramo de flores en el monumento al trabajador, y se lanzaron consignas y lemas reivindicativos, contra la corrupci\u00f3n, sindicatos, \u2026<\/p>\n<p>Una vez finalizada la concentraci\u00f3n, regresamos al Centro Social y Nacional, donde se invit\u00f3 a una paella a todos los asistentes al acto. <img loading=\"lazy\" class=\"aligncenter\" src=\"https:\/\/scontent-mad.xx.fbcdn.net\/hphotos-xpf1\/v\/t1.0-9\/10986677_442295215932700_696440211207273782_n.jpg?oh=28cd5ffbe076f86c44745fe6012e42a1&amp;oe=55DB2C65\" alt=\"\" width=\"383\" height=\"288\" \/>A pesar de los intentos de boicot, realizamos satisfactoriamente esta concentraci\u00f3n para defender los derechos de los trabajadores espa\u00f1oles y para denunciar los recortes a los que nos vemos sometidos.<\/p>\n<p>\u00a1Obrero espa\u00f1ol, defiende tu naci\u00f3n!<\/p>\n<p style=\"text-align: justify;\"><img loading=\"lazy\" class=\"aligncenter\" src=\"https:\/\/fbcdn-sphotos-a-a.akamaihd.net\/hphotos-ak-xat1\/v\/t1.0-9\/11193231_442295159266039_2434134645477297462_n.jpg?oh=93853e966327b054783336418247a5a4&amp;oe=55D0F02A&amp;__gda__=1440771317_5ab83a0012c56c6f9fbae817657e6877\" alt=\"\" width=\"516\" height=\"401\" \/><\/p>\n<p style=\"text-align: justify;\">Comunicado le\u00eddo: http:\/\/csynsalamanca.com\/?p=316<\/p>\n","protected":false},"excerpt":{"rendered":"<p>El pasado 1 de Mayo, y por segundo a\u00f1o consecutivo, realizamos una concentraci\u00f3n con motivo del D\u00eda del Trabajador. Desde nuestra sede, que sirvi\u00f3 de punto de encuentro, partimos hacia el lugar de la concentraci\u00f3n a las 12.00h. Decidimos repetir sitio, haci\u00e9ndola de nuevo en el Barrio de Pizarrales, junto \u2026 <a class=\"continue-reading-link\" href=\"https:\/\/csynsalamanca.com\/?p=319\">Contin\u00faa leyendo <span class=\"meta-nav\">&rarr; <\/span><\/a><\/p>\n","protected":false},"author":1,"featured_media":0,"comment_status":"open","ping_status":"open","sticky":false,"template":"","format":"standard","meta":[],"categories":[2,3],"tags":[],"_links":{"self":[{"href":"https:\/\/csynsalamanca.com\/index.php?rest_route=\/wp\/v2\/posts\/319"}],"collection":[{"href":"https:\/\/csynsalamanca.com\/index.php?rest_route=\/wp\/v2\/posts"}],"about":[{"href":"https:\/\/csynsalamanca.com\/index.php?rest_route=\/wp\/v2\/types\/post"}],"author":[{"embeddable":true,"href":"https:\/\/csynsalamanca.com\/index.php?rest_route=\/wp\/v2\/users\/1"}],"replies":[{"embeddable":true,"href":"https:\/\/csynsalamanca.com\/index.php?rest_route=%2Fwp%2Fv2%2Fcomments&post=319"}],"version-history":[{"count":4,"href":"https:\/\/csynsalamanca.com\/index.php?rest_route=\/wp\/v2\/posts\/319\/revisions"}],"predecessor-version":[{"id":323,"href":"https:\/\/csynsalamanca.com\/index.php?rest_route=\/wp\/v2\/posts\/319\/revisions\/323"}],"wp:attachment":[{"href":"https:\/\/csynsalamanca.com\/index.php?rest_route=%2Fwp%2Fv2%2Fmedia&parent=319"}],"wp:term":[{"taxonomy":"category","embeddable":true,"href":"https:\/\/csynsalamanca.com\/index.php?rest_route=%2Fwp%2Fv2%2Fcategories&post=319"},{"taxonomy":"post_tag","embeddable":true,"href":"https:\/\/csynsalamanca.com\/index.php?rest_route=%2Fwp%2Fv2%2Ftags&post=319"}],"curies":[{"name":"wp","href":"https:\/\/api.w.org\/{rel}","templated":true}]}}