{"id":316,"date":"2015-05-01T20:54:45","date_gmt":"2015-05-01T18:54:45","guid":{"rendered":"http:\/\/csynsalamanca.com\/?p=316"},"modified":"2015-05-01T20:55:06","modified_gmt":"2015-05-01T18:55:06","slug":"comunicado-1o-de-mayo","status":"publish","type":"post","link":"https:\/\/csynsalamanca.com\/?p=316","title":{"rendered":"Comunicado 1\u00ba de Mayo"},"content":{"rendered":"<p><img loading=\"lazy\" class=\"alignleft\" src=\"https:\/\/scontent-cdg.xx.fbcdn.net\/hphotos-xap1\/v\/t1.0-9\/11174962_440594086102813_8939375094729807469_n.jpg?oh=9df01e982919355d9ab354ad77b5abdb&amp;oe=55E3CB0B\" alt=\"\" width=\"268\" height=\"358\" \/><\/p>\n<p>\u00abSalmantinos y salmantinas, somos la Asociaci\u00f3n Centro Social y Nacional Salamanca, un colectivo que desde hace 9 a\u00f1os realiza diferentes actividades y lleva a cabo numerosas iniciativas tanto en el \u00e1mbito social como cultural, como conferencias o charlas.<br \/>\nNuestro centro social, situado en el Paseo del Gran Capit\u00e1n, 51, del vecino Barrio Vidal, es el punto de donde parte toda nuestra actividad. Es all\u00ed donde con nuestro banco de alimentos ayudamos a m\u00e1s 20 familias espa\u00f1olas abandonadas por el estado, ya que todas las ayudas sociales son destinadas principalmente a extranjeros.<!--more--><\/p>\n<p>&nbsp;<\/p>\n<p>Consideramos, que teniendo en cuenta que los recursos disponibles en Espa\u00f1a no son ilimitados, hay que establecer un criterio de prioridad nacional a la hora de adjudicar las ayudas sociales. Por ello, con nuestros medios y sin recibir ning\u00fan tipo de subvenci\u00f3n, decidimos comenzar con esta iniciativa que se mantiene gracias al apoyo de nuestros militantes y de los vecinos de la zona.<\/p>\n<p>Esta defensa de los derechos sociales de los espa\u00f1oles, nos lleva a concentrarnos hoy aqu\u00ed, junto al monumento al obrero.<br \/>\nNo podemos dejar pasar esta fecha tan importante como es el 1\u00ba de Mayo, y por eso, por segundo a\u00f1o consecutivo nos reunimos para reivindicar y denunciar los atropellos cometidos contra los derechos de los trabajadores.<\/p>\n<p>En el primer trimestre de 2014, en Salamanca, el desempleo afectaba a 37.000 salmantinos. Un a\u00f1o despu\u00e9s, esta cifra ha descendido en 9000 personas, situ\u00e1ndose en 27.800 parados.<br \/>\nParece que la situaci\u00f3n ha mejorado, pero no son m\u00e1s que espejismos. Se acercan las elecciones y el Gobierno ha puesto a funcionar su maquinaria para maquillar las estad\u00edsticas, creando empleos temporales para aplicar parches en nuestra ciudad, como cambiar bordillos o arreglar rotondas. Empleo que se acabar\u00e1<\/p>\n<p>cuando pasen las elecciones.<br \/>\nTampoco podemos olvidar, que en un a\u00f1o, muchos de esos parados, en su mayor\u00eda j\u00f3venes, han tenido que abandonar nuestra ciudad, y marchar de Espa\u00f1a en busca de una oportunidad laboral m\u00e1s all\u00e1 de nuestras fronteras. De hecho, la poblaci\u00f3n de Salamanca ha descendido a niveles de 1930.<\/p>\n<p>Todo esto, no es exclusivo de nuestra ciudad. Es la t\u00f3nica de Espa\u00f1a en general.<\/p>\n<p>Vemos como d\u00eda a d\u00eda nuestros derechos sociales son pisoteados.<br \/>\nLa Sanida<\/p>\n<p>d p\u00fablica, seriamente tocada, camino de ser privatizada.<br \/>\nLa educaci\u00f3n sufre continuos recortes.<br \/>\nNuestros derechos laborales se ven mermados, con sueldos bajos, condiciones precarias, despido m\u00e1s barato, aumenta la edad de jubilaci\u00f3n\u2026<br \/>\nMiles de familias son desahuciadas sin ofrecerles una alternativa donde vivir.<br \/>\nPero esto no es lo peor, lo peor es que estamos abandonados a nuestra suerte.<br \/>\nLos pol\u00edticos y sindicatos, que se supone que deber\u00edan ser los que defendieran a los espa\u00f1oles, y lucharan por nuestro futuro, est\u00e1n saqueando Espa\u00f1a mientras nos hundimos en la miseria.<br \/>\nD\u00eda tras d\u00eda salen a la luz casos de corrupci\u00f3n, cobros en B, comisiones ilegales. Estamos cansados de ver casos B\u00e1rcenas y tramas Gurtel.<br \/>\nTenemos una clase pol\u00edtica que se siente con total impunidad y solo buscan perpetuarse en el poder.<\/p>\n<p>Por eso, es hora de decir BASTA YA. Es hora de llevar nuestro mensaje a las calles, y exigir que los derechos de todos los espa\u00f1oles sean defendidos.<br \/>\nNo queremos que<\/p>\n<p>la juventud espa\u00f1ola tenga que abandonar Espa\u00f1a, exigimos que se tomen medidas para evitar esta sangr\u00eda demogr\u00e1fica, y los j\u00f3venes espa\u00f1oles, que son el porvenir de nuestro pa\u00eds, puedan encontrar un futuro en Espa\u00f1a.<br \/>\nBasta ya de destruir los servicios p\u00fablicos como la educaci\u00f3n o la sanidad. Se\u00f1ores pol\u00edticos, recorten sus sueldos y pensiones vitalicias, no jueguen con la salud y la educaci\u00f3n de los espa\u00f1oles.<br \/>\nSe acab\u00f3 el ver como millones de ni\u00f1os van al colegio sin haber podido desayunar.<\/p>\n<p>Muchas gracias a todos por venir, y hasta el a\u00f1o que viene.\u00bb<\/p>\n","protected":false},"excerpt":{"rendered":"<p>\u00abSalmantinos y salmantinas, somos la Asociaci\u00f3n Centro Social y Nacional Salamanca, un colectivo que desde hace 9 a\u00f1os realiza diferentes actividades y lleva a cabo numerosas iniciativas tanto en el \u00e1mbito social como cultural, como conferencias o charlas. Nuestro centro social, situado en el Paseo del Gran Capit\u00e1n, 51, del \u2026 <a class=\"continue-reading-link\" href=\"https:\/\/csynsalamanca.com\/?p=316\">Contin\u00faa leyendo <span class=\"meta-nav\">&rarr; <\/span><\/a><\/p>\n","protected":false},"author":1,"featured_media":0,"comment_status":"open","ping_status":"open","sticky":false,"template":"","format":"standard","meta":[],"categories":[5,3],"tags":[],"_links":{"self":[{"href":"https:\/\/csynsalamanca.com\/index.php?rest_route=\/wp\/v2\/posts\/316"}],"collection":[{"href":"https:\/\/csynsalamanca.com\/index.php?rest_route=\/wp\/v2\/posts"}],"about":[{"href":"https:\/\/csynsalamanca.com\/index.php?rest_route=\/wp\/v2\/types\/post"}],"author":[{"embeddable":true,"href":"https:\/\/csynsalamanca.com\/index.php?rest_route=\/wp\/v2\/users\/1"}],"replies":[{"embeddable":true,"href":"https:\/\/csynsalamanca.com\/index.php?rest_route=%2Fwp%2Fv2%2Fcomments&post=316"}],"version-history":[{"count":2,"href":"https:\/\/csynsalamanca.com\/index.php?rest_route=\/wp\/v2\/posts\/316\/revisions"}],"predecessor-version":[{"id":318,"href":"https:\/\/csynsalamanca.com\/index.php?rest_route=\/wp\/v2\/posts\/316\/revisions\/318"}],"wp:attachment":[{"href":"https:\/\/csynsalamanca.com\/index.php?rest_route=%2Fwp%2Fv2%2Fmedia&parent=316"}],"wp:term":[{"taxonomy":"category","embeddable":true,"href":"https:\/\/csynsalamanca.com\/index.php?rest_route=%2Fwp%2Fv2%2Fcategories&post=316"},{"taxonomy":"post_tag","embeddable":true,"href":"https:\/\/csynsalamanca.com\/index.php?rest_route=%2Fwp%2Fv2%2Ftags&post=316"}],"curies":[{"name":"wp","href":"https:\/\/api.w.org\/{rel}","templated":true}]}}