{"id":233,"date":"2014-08-06T15:57:36","date_gmt":"2014-08-06T13:57:36","guid":{"rendered":"http:\/\/csynsalamanca.com\/?p=233"},"modified":"2014-08-06T16:36:10","modified_gmt":"2014-08-06T14:36:10","slug":"de-fuera-vendran-y-de-tu-casa-te-echaran","status":"publish","type":"post","link":"https:\/\/csynsalamanca.com\/?p=233","title":{"rendered":"De fuera vendr\u00e1n&#8230; y de tu casa te echar\u00e1n."},"content":{"rendered":"<p><img loading=\"lazy\" class=\"wp-image-234 aligncenter\" src=\"http:\/\/csynsalamanca.com\/wp-content\/uploads\/2014\/08\/cartel-1-724x1024.jpg\" alt=\"cartel 1\" width=\"449\" height=\"635\" srcset=\"https:\/\/csynsalamanca.com\/wp-content\/uploads\/2014\/08\/cartel-1-724x1024.jpg 724w, https:\/\/csynsalamanca.com\/wp-content\/uploads\/2014\/08\/cartel-1-212x300.jpg 212w, https:\/\/csynsalamanca.com\/wp-content\/uploads\/2014\/08\/cartel-1-106x150.jpg 106w\" sizes=\"(max-width: 449px) 100vw, 449px\" \/>Al comienzo de esta semana, saltaba la noticia de una brutal agresi\u00f3n a un frutero y su hija en la Plaza Barcelona, en el barrio Garrido.<br \/>\nAl parecer, el frutero sufr\u00eda un constante acoso por parte de un grupo de marroqu\u00edes que se dedicaban a robarle la fruta expuesta en la tienda, pero no contentos con eso, decidieron pegarle una brutal paliza delante de su hija, a la que retuvieron al grito de \u00abputa espa\u00f1ola de mierda\u00bb mientras apedreaban y pateaban en el suelo al hombre, no sin antes quitarle la recaudaci\u00f3n.<br \/>\nEl resultado: lesiones en un ojo, dos costillas fisuradas y n\u00famerosos golpes por todo el cuerpo.<!--more--><\/p>\n<p>Da pena y rabia ver como un barrio que anta\u00f1o era un barrio tranquilo, de gente trabajadora y humilde se ha convertido en los \u00faltimos a\u00f1os en una especie de \u00abBronx\u00bb salmantino, donde la llegada de miles de inmigrantes no ha generado otra cosa que problemas.<br \/>\nDesde la apertura de la Mezquita en el barrio Garrido, la presencia de magreb\u00edes se ha multiplicado, traduci\u00e9ndose en n\u00famerosos problemas de inseguridad.<br \/>\nEst\u00e1 claro que aunque intenten meternos con calzador las bondades de la multiculturalidad, estos colectivos no quieren ni tienen intenci\u00f3n de integrarse en nuestra sociedad; su \u00fanica intenci\u00f3n es vivir de las ayudas sociales, que las administraciones dedican a ellos en exclusiva, discriminando a los espa\u00f1oles.<br \/>\nEsta \u00faltima agresi\u00f3n, lo demuestra: \u00abputa espa\u00f1ola de mierda\u00bb.<\/p>\n<p>No queremos que nuestros barrios se conviertan en sitios inhabitables, donde haya que cuidarse de pasar por seg\u00fan que zonas(como es el caso de la Plaza Barcelona), donde lo habitual sea encontrar noticias en la secci\u00f3n de sucesos.<\/p>\n<p>Exigimos que se tomen medidas de forma inmediata:<\/p>\n<p>-M\u00e1s vigilancia en la Plaza Barcelona y parque Garrido; zonas frecuentadas por este tipo de grupos y donde ya han habido varios incidentes.<\/p>\n<p>-Mayor control y presi\u00f3n sobre determinados bares donde se vende droga. Caso de cierto bar de la Plaza Barcelona, frecuentado por marroqu\u00edes.<\/p>\n<p>-Agilizaci\u00f3n del derribo de las naves del Mercasalamanca; punto de reuni\u00f3n de \u00absin papeles\u00bb y delincuentes, y d\u00f3nde ya han habido incidentes graves y detenciones de personas que se refugian all\u00ed tras cometer sus delitos.<br \/>\nOtras noticias de diversos incidentes en el Barrio Garrido(durante el \u00faltimo mes):<\/p>\n<p><a href=\"http:\/\/www.salamanca24horas.com\/sucesos\/116060-amenaza-de-muerte-a-los-trabajadores-de-una-panaderia-por-no-darle-algo-de-comer\" target=\"_blank\">-Amenaza de muerte a los trabajadores de una panader\u00eda por no darle algo de comer<\/a><br \/>\n<a href=\"http:\/\/www.salamanca24horas.com\/sucesos\/115663-arrestados-cuatro-miembros-de-un-grupo-organizado-por-robar-en-el-corte-ingles\" target=\"_blank\">-Arrestados cuatro miembros de un grupo organizado tras robar en el Corte Ingl\u00e9s<br \/>\n<\/a><a href=\"http:\/\/www.salamanca24horas.com\/sucesos\/115655-uno-de-los-agresores-detenidos-en-la-aldehuela-tambien-asalto-una-fruteria-en-garrido\" target=\"_blank\">-Uno de los agresores(marroqu\u00ed) de la Aldehuela tambi\u00e9n asalt\u00f3n una fruter\u00eda en Garrido<br \/>\n<\/a><a href=\"http:\/\/www.salamanca24horas.com\/sucesos\/114546-dos-detenidos-tras-una-multitudinaria-pelea-en-la-calle-los-tilos\" target=\"_blank\">-Dos detenidos tras una multitudinaria pelea en la calle Los Tilos<br \/>\n<\/a><\/p>\n","protected":false},"excerpt":{"rendered":"<p>Al comienzo de esta semana, saltaba la noticia de una brutal agresi\u00f3n a un frutero y su hija en la Plaza Barcelona, en el barrio Garrido. Al parecer, el frutero sufr\u00eda un constante acoso por parte de un grupo de marroqu\u00edes que se dedicaban a robarle la fruta expuesta en \u2026 <a class=\"continue-reading-link\" href=\"https:\/\/csynsalamanca.com\/?p=233\">Contin\u00faa leyendo <span class=\"meta-nav\">&rarr; <\/span><\/a><\/p>\n","protected":false},"author":1,"featured_media":0,"comment_status":"open","ping_status":"open","sticky":false,"template":"","format":"standard","meta":[],"categories":[3,9,6],"tags":[],"_links":{"self":[{"href":"https:\/\/csynsalamanca.com\/index.php?rest_route=\/wp\/v2\/posts\/233"}],"collection":[{"href":"https:\/\/csynsalamanca.com\/index.php?rest_route=\/wp\/v2\/posts"}],"about":[{"href":"https:\/\/csynsalamanca.com\/index.php?rest_route=\/wp\/v2\/types\/post"}],"author":[{"embeddable":true,"href":"https:\/\/csynsalamanca.com\/index.php?rest_route=\/wp\/v2\/users\/1"}],"replies":[{"embeddable":true,"href":"https:\/\/csynsalamanca.com\/index.php?rest_route=%2Fwp%2Fv2%2Fcomments&post=233"}],"version-history":[{"count":5,"href":"https:\/\/csynsalamanca.com\/index.php?rest_route=\/wp\/v2\/posts\/233\/revisions"}],"predecessor-version":[{"id":239,"href":"https:\/\/csynsalamanca.com\/index.php?rest_route=\/wp\/v2\/posts\/233\/revisions\/239"}],"wp:attachment":[{"href":"https:\/\/csynsalamanca.com\/index.php?rest_route=%2Fwp%2Fv2%2Fmedia&parent=233"}],"wp:term":[{"taxonomy":"category","embeddable":true,"href":"https:\/\/csynsalamanca.com\/index.php?rest_route=%2Fwp%2Fv2%2Fcategories&post=233"},{"taxonomy":"post_tag","embeddable":true,"href":"https:\/\/csynsalamanca.com\/index.php?rest_route=%2Fwp%2Fv2%2Ftags&post=233"}],"curies":[{"name":"wp","href":"https:\/\/api.w.org\/{rel}","templated":true}]}}