{"id":369,"date":"2015-11-18T01:21:30","date_gmt":"2015-11-18T00:21:30","guid":{"rendered":"http:\/\/csynsalamanca.com\/?p=369"},"modified":"2015-11-18T01:21:30","modified_gmt":"2015-11-18T00:21:30","slug":"el-pacifismo-samaritano-no-te-va-proteger-de-los-yihadistas","status":"publish","type":"post","link":"http:\/\/csynsalamanca.com\/?p=369","title":{"rendered":"\u00abEl pacifismo samaritano no te va proteger de los yihadistas\u00bb"},"content":{"rendered":"<div>\n<p><img loading=\"lazy\" class=\"alignleft\" src=\"https:\/\/www.quadratin.com.mx\/www\/contenido\/uploads\/2015\/11\/bataclan-atentado-paris.jpg\" alt=\"\" width=\"296\" height=\"196\" \/>\u00abEn enero, recuerdas, eras \u00abCharlie Hebdo\u00bb. Eso pusiste en las redes sociales: je suis Charlie. Pero no, t\u00fa no eras Charlie. Porque t\u00fa estabas vivo y Charlie, los <strong>charlies<\/strong>, estaban muertos, como los guardias y los jud\u00edos del supermercado de los que nadie se acord\u00f3 en la solidaridad pla\u00f1idera del pensamiento d\u00e9bil. Muertos como los del viernes, tirados en la calle mientras t\u00fa corr\u00edas a cambiar la foto del perfil de Twitter y de Facebook. \u00bfY ahora qu\u00e9 nombre vas a poner? \u00bfBernard, Marion, Lucien, Fran\u00e7oise, Phillipe? Tienes 130, elige. Ah, bien, je suis Paris, qu\u00e9 hermoso; qu\u00e9 bonita esa torre Eiffel enmarcada en el s\u00edmbolo hippie de la paz. S\u00f3lo que no estamos en paz. Y que t\u00fa tampoco eres Par\u00eds.<\/p>\n<p>T\u00fa eres el que ayer por la ma\u00f1ana, la luminosa ma\u00f1ana de este c\u00e1lido noviembre, hac\u00edas <strong>jogging<\/strong> en el Retiro. La que se compraba un bolso y unos zapatos en la Gran V\u00eda. La que paseaba el perrito por la plaza soleada.<\/p>\n<p>El que se iba a comer con la familia en el chal\u00e9 de los suegros. La que se qued\u00f3 viendo el programa de telebasura en la noche de la masacre. T\u00fa eres uno cualquiera de los que se sent\u00edan, nos sent\u00edamos, provisionalmente a salvo. Uno de los que descargaron<\/p>\n<p><!--more--><\/p>\n<p>su conciencia con una frase bonita en internet, amor y fraternidad, <strong>#portesouvertes<\/strong>, justo cuando all\u00e1 en Par\u00eds la Polic\u00eda ordenaba, pistola en mano, cerrar las ventanas.<\/p>\n<p>Qu\u00e9 vas a ser Par\u00eds. Par\u00eds es esa ciudad donde la gente sali\u00f3 del estadio evacuado cantando el himno nacional, el que aqu\u00ed abucheamos. Par\u00eds es esa ciudad donde los peri\u00f3dicos hablan de guerra sin tapujos, y donde el presidente socialista promete una respuesta sin piedad, \u00abimpitoyable\u00bb. Par\u00eds es la capital de un pa\u00eds que considera su libertad y sus valores algo mucho m\u00e1s importante que su miedo.<\/p>\n<div id=\"roba_cintillo-id\"><\/div>\n<p>Y t\u00fa\u2026 t\u00fa eres parte de un pueblo que hace once a\u00f1os, en una situaci\u00f3n similar, en unos d\u00edas iguales de sangre y plomo, se amedrent\u00f3 y ech\u00f3 la culpa a su propio Gobierno. Que duda de su modelo de sociedad y todav\u00eda hoy piensa que si nos vienen a matar es porque algo habremos hecho. Que no ha aprendido, basta ver c\u00f3mo olvida a las v\u00edctimas, de su larga experiencia de sufrimiento. T\u00fa eres un superviviente del terrorismo, pero no lo sabes porque te cuesta pensar que los asesinados murieron en tu nombre. Porque prefieres creer que basta con no odiar para defenderte del odio.<\/p>\n<p>Ese bonito emblema de la torre Eiffel no te va a proteger. Ni el pacifismo samaritano, ni las palabras emotivas, ni las cadenas de cibermensajes, ni el ritual de las firmas, las velas y las flores. Vienen a por nosotros, <strong>jesuis<\/strong>, y m\u00e1s vale que te vayas enterando. Te dir\u00e9 lo que eres: la pr\u00f3xima potencial v\u00edctima. As\u00ed que cuando subas a Facebook una velita por los muertos de Par\u00eds, sube otra por ti. Y acu\u00e9rdate de por qui\u00e9n doblaban las campanas de Hemingway\u00bb<br \/>\nFuente: <a href=\"http:\/\/www.abc.es\/opinion\/abci-campanas-hemingway-201511151740_noticia.html\" target=\"_blank\">ABC<\/a><\/p>\n<\/div>\n<p>&nbsp;<\/p>\n","protected":false},"excerpt":{"rendered":"<p>\u00abEn enero, recuerdas, eras \u00abCharlie Hebdo\u00bb. Eso pusiste en las redes sociales: je suis Charlie. Pero no, t\u00fa no eras Charlie. Porque t\u00fa estabas vivo y Charlie, los charlies, estaban muertos, como los guardias y los jud\u00edos del supermercado de los que nadie se acord\u00f3 en la solidaridad pla\u00f1idera del \u2026 <a class=\"continue-reading-link\" href=\"http:\/\/csynsalamanca.com\/?p=369\">Contin\u00faa leyendo <span class=\"meta-nav\">&rarr; <\/span><\/a><\/p>\n","protected":false},"author":1,"featured_media":0,"comment_status":"open","ping_status":"open","sticky":false,"template":"","format":"standard","meta":[],"categories":[1],"tags":[],"_links":{"self":[{"href":"http:\/\/csynsalamanca.com\/index.php?rest_route=\/wp\/v2\/posts\/369"}],"collection":[{"href":"http:\/\/csynsalamanca.com\/index.php?rest_route=\/wp\/v2\/posts"}],"about":[{"href":"http:\/\/csynsalamanca.com\/index.php?rest_route=\/wp\/v2\/types\/post"}],"author":[{"embeddable":true,"href":"http:\/\/csynsalamanca.com\/index.php?rest_route=\/wp\/v2\/users\/1"}],"replies":[{"embeddable":true,"href":"http:\/\/csynsalamanca.com\/index.php?rest_route=%2Fwp%2Fv2%2Fcomments&post=369"}],"version-history":[{"count":1,"href":"http:\/\/csynsalamanca.com\/index.php?rest_route=\/wp\/v2\/posts\/369\/revisions"}],"predecessor-version":[{"id":370,"href":"http:\/\/csynsalamanca.com\/index.php?rest_route=\/wp\/v2\/posts\/369\/revisions\/370"}],"wp:attachment":[{"href":"http:\/\/csynsalamanca.com\/index.php?rest_route=%2Fwp%2Fv2%2Fmedia&parent=369"}],"wp:term":[{"taxonomy":"category","embeddable":true,"href":"http:\/\/csynsalamanca.com\/index.php?rest_route=%2Fwp%2Fv2%2Fcategories&post=369"},{"taxonomy":"post_tag","embeddable":true,"href":"http:\/\/csynsalamanca.com\/index.php?rest_route=%2Fwp%2Fv2%2Ftags&post=369"}],"curies":[{"name":"wp","href":"https:\/\/api.w.org\/{rel}","templated":true}]}}