{"id":273,"date":"2015-01-04T23:56:40","date_gmt":"2015-01-04T22:56:40","guid":{"rendered":"http:\/\/csynsalamanca.com\/?p=273"},"modified":"2015-01-05T00:18:29","modified_gmt":"2015-01-04T23:18:29","slug":"reparto-de-juguetes","status":"publish","type":"post","link":"http:\/\/csynsalamanca.com\/?p=273","title":{"rendered":"Reparto de juguetes."},"content":{"rendered":"<p><img loading=\"lazy\" class=\"aligncenter\" src=\"http:\/\/oi57.tinypic.com\/x1ngnk.jpg\" alt=\"\" width=\"496\" height=\"372\" \/><\/p>\n<p>Durante la pasada semana realizamos una recogida de juguetes. No quer\u00edamos que ning\u00fana familia espa\u00f1ola se quedara sin la visita de los Reyes Magos para sus hijos.<br \/>\nRecibimos la visita de decenas de familias que acudieron tras ver los carteles que colocamos principalmente por el barrio Vidal anunciando nuestra iniciativa.<br \/>\nEl reparto de juguetes, realizado por un Rey Mago, tuvo lugar el Domingo 4 de Enero, a partir de las 18.30h en el Centro Social y Nacional Salamanca.<br \/>\nDecenas de ni\u00f1os comenzaron a llegar para recibir sus regalos(juguetes y libros), ansiosos por ver a Gaspar, que fue quien acudi\u00f3 a realizar el reparto.<!--more--><\/p>\n<p>El Centro Social y Nacional Salamanca estuvo abarrotado durante la jornada, recibiendo la visita de decenas de vecinos principalmente de la zona, que debido a su situaci\u00f3n econ\u00f3mica y laboral solicitaron nuestra ayuda para este tema.<\/p>\n<p><img loading=\"lazy\" class=\"aligncenter\" src=\"http:\/\/oi62.tinypic.com\/2mwcgsw.jpg\" alt=\"\" width=\"501\" height=\"376\" \/><\/p>\n<div style=\"width: 511px\" class=\"wp-caption aligncenter\"><img loading=\"lazy\" src=\"http:\/\/oi57.tinypic.com\/dwcdcg.jpg\" alt=\"\" width=\"501\" height=\"376\" \/><p class=\"wp-caption-text\">Los padres de los peque\u00f1os esperaron tomando un chocolate con churros<\/p><\/div>\n<div style=\"width: 510px\" class=\"wp-caption aligncenter\"><img loading=\"lazy\" class=\"\" src=\"http:\/\/oi62.tinypic.com\/2gw6rsn.jpg\" alt=\"\" width=\"500\" height=\"375\" \/><p class=\"wp-caption-text\">Los ni\u00f1os abren con ilusi\u00f3n sus regalos<\/p><\/div>\n<p><img loading=\"lazy\" class=\"aligncenter\" src=\"http:\/\/oi57.tinypic.com\/6nw9du.jpg\" alt=\"\" width=\"499\" height=\"374\" \/><\/p>\n<p>En definitiva, una agradable tarde junto a los vecinos del barrio disfrutando de esta nueva iniciativa que en vista del \u00e9xito seguiremos realizando en posteriores a\u00f1os.<br \/>\nSeguiremos luchando por Espa\u00f1a y sus gentes.<\/p>\n","protected":false},"excerpt":{"rendered":"<p>Durante la pasada semana realizamos una recogida de juguetes. No quer\u00edamos que ning\u00fana familia espa\u00f1ola se quedara sin la visita de los Reyes Magos para sus hijos. Recibimos la visita de decenas de familias que acudieron tras ver los carteles que colocamos principalmente por el barrio Vidal anunciando nuestra iniciativa. \u2026 <a class=\"continue-reading-link\" href=\"http:\/\/csynsalamanca.com\/?p=273\">Contin\u00faa leyendo <span class=\"meta-nav\">&rarr; <\/span><\/a><\/p>\n","protected":false},"author":1,"featured_media":0,"comment_status":"open","ping_status":"open","sticky":false,"template":"","format":"standard","meta":[],"categories":[2,5],"tags":[],"_links":{"self":[{"href":"http:\/\/csynsalamanca.com\/index.php?rest_route=\/wp\/v2\/posts\/273"}],"collection":[{"href":"http:\/\/csynsalamanca.com\/index.php?rest_route=\/wp\/v2\/posts"}],"about":[{"href":"http:\/\/csynsalamanca.com\/index.php?rest_route=\/wp\/v2\/types\/post"}],"author":[{"embeddable":true,"href":"http:\/\/csynsalamanca.com\/index.php?rest_route=\/wp\/v2\/users\/1"}],"replies":[{"embeddable":true,"href":"http:\/\/csynsalamanca.com\/index.php?rest_route=%2Fwp%2Fv2%2Fcomments&post=273"}],"version-history":[{"count":5,"href":"http:\/\/csynsalamanca.com\/index.php?rest_route=\/wp\/v2\/posts\/273\/revisions"}],"predecessor-version":[{"id":279,"href":"http:\/\/csynsalamanca.com\/index.php?rest_route=\/wp\/v2\/posts\/273\/revisions\/279"}],"wp:attachment":[{"href":"http:\/\/csynsalamanca.com\/index.php?rest_route=%2Fwp%2Fv2%2Fmedia&parent=273"}],"wp:term":[{"taxonomy":"category","embeddable":true,"href":"http:\/\/csynsalamanca.com\/index.php?rest_route=%2Fwp%2Fv2%2Fcategories&post=273"},{"taxonomy":"post_tag","embeddable":true,"href":"http:\/\/csynsalamanca.com\/index.php?rest_route=%2Fwp%2Fv2%2Ftags&post=273"}],"curies":[{"name":"wp","href":"https:\/\/api.w.org\/{rel}","templated":true}]}}